{"id":2167,"date":"2024-04-17T22:00:00","date_gmt":"2024-04-17T20:00:00","guid":{"rendered":"https:\/\/www.fingracen.com\/?p=2167"},"modified":"2024-05-27T10:17:27","modified_gmt":"2024-05-27T08:17:27","slug":"gestion-integral-de-comunidades-en-sabadell-con-finques-gracia-centre","status":"publish","type":"post","link":"https:\/\/www.fingracen.com\/ca\/gestion-integral-de-comunidades-en-sabadell-con-finques-gracia-centre\/","title":{"rendered":"Gesti\u00f3 integral de comunitats a Sabadell amb Finques Gr\u00e0cia Centre"},"content":{"rendered":"<h2 class=\"wp-block-heading\">Solucions Professionals per a la teva Comunitat<\/h2>\n\n\n\n<figure class=\"wp-block-image size-full\"><img loading=\"lazy\" decoding=\"async\" width=\"900\" height=\"600\" src=\"https:\/\/www.fingracen.com\/wp-content\/uploads\/2024\/04\/inmobiliaria-Sabadell.jpg\" alt=\"hombre hablando por tel\u00e9fono y mirando papeles\" class=\"wp-image-2171\" srcset=\"https:\/\/www.fingracen.com\/wp-content\/uploads\/2024\/04\/inmobiliaria-Sabadell.jpg 900w, https:\/\/www.fingracen.com\/wp-content\/uploads\/2024\/04\/inmobiliaria-Sabadell-300x200.jpg 300w, https:\/\/www.fingracen.com\/wp-content\/uploads\/2024\/04\/inmobiliaria-Sabadell-768x512.jpg 768w\" sizes=\"auto, (max-width: 900px) 100vw, 900px\" \/><\/figure>\n\n\n\n<p>Des de la nostra <strong><a href=\"https:\/\/www.fingracen.com\/ca\/quienes-somos\/\">immobili\u00e0ria a Sabadell<\/a><\/strong>, fem des de la gesti\u00f3 de cobraments i pagaments fins a l&#039;organitzaci\u00f3 de juntes i la resoluci\u00f3 d&#039;incid\u00e8ncies. Podem ajudar-te en tot all\u00f2 que necessitis de manera especialitzada, per garantir el funcionament sense problemes de la teva comunitat. A Finques Gr\u00e0cia Centre ens especialitzem en l&#039;administraci\u00f3 de comunitats de propietaris a Sabadell, oferint-vos un servei complet i professional per cobrir totes les necessitats administratives de la vostra comunitat. Amb anys d&#039;experi\u00e8ncia al sector, des de la nostra immobili\u00e0ria a Sabadell ens ocupem de la gesti\u00f3 de comunitats amb efic\u00e0cia i precisi\u00f3, adaptant els nostres serveis a les necessitats de cada cas particular.<\/p>\n\n\n\n<figure class=\"wp-block-image size-full\"><img loading=\"lazy\" decoding=\"async\" width=\"900\" height=\"600\" src=\"https:\/\/www.fingracen.com\/wp-content\/uploads\/2024\/04\/inmobiliaria-Sabadell-2.jpg\" alt=\"chica con gafas cogiendo unos papeles\" class=\"wp-image-2169\" srcset=\"https:\/\/www.fingracen.com\/wp-content\/uploads\/2024\/04\/inmobiliaria-Sabadell-2.jpg 900w, https:\/\/www.fingracen.com\/wp-content\/uploads\/2024\/04\/inmobiliaria-Sabadell-2-300x200.jpg 300w, https:\/\/www.fingracen.com\/wp-content\/uploads\/2024\/04\/inmobiliaria-Sabadell-2-768x512.jpg 768w\" sizes=\"auto, (max-width: 900px) 100vw, 900px\" \/><\/figure>\n\n\n\n<h2 class=\"wp-block-heading\">Transpar\u00e8ncia, efici\u00e8ncia i comunicaci\u00f3 oberta<\/h2>\n\n\n\n<p>El nostre enfocament es basa en la transpar\u00e8ncia, l&#039;efici\u00e8ncia i la comunicaci\u00f3 oberta a cada pas del cam\u00ed. Mantenim una relaci\u00f3 propera amb els propietaris, proporcionant informes detallats, assessorament expert i atenci\u00f3 personalitzada per garantir la satisfacci\u00f3 i el benestar de tots els membres de la comunitat.<\/p>\n\n\n\n<figure class=\"wp-block-image size-full\"><img loading=\"lazy\" decoding=\"async\" width=\"900\" height=\"600\" src=\"https:\/\/www.fingracen.com\/wp-content\/uploads\/2024\/04\/inmobiliaria-Sabadell-3.jpg\" alt=\"chica en una oficina con papeles en la mano\" class=\"wp-image-2168\" srcset=\"https:\/\/www.fingracen.com\/wp-content\/uploads\/2024\/04\/inmobiliaria-Sabadell-3.jpg 900w, https:\/\/www.fingracen.com\/wp-content\/uploads\/2024\/04\/inmobiliaria-Sabadell-3-300x200.jpg 300w, https:\/\/www.fingracen.com\/wp-content\/uploads\/2024\/04\/inmobiliaria-Sabadell-3-768x512.jpg 768w\" sizes=\"auto, (max-width: 900px) 100vw, 900px\" \/><\/figure>\n\n\n\n<h2 class=\"wp-block-heading\">Per qu\u00e8 \u00e9s important fer una bona gesti\u00f3 administrativa de la teva comunitat de propietaris?<\/h2>\n\n\n\n<ol class=\"wp-block-list\">\n<li>Organitzaci\u00f3 i efici\u00e8ncia: una bona gesti\u00f3 administrativa assegura que tots els aspectes financers i operatius de la comunitat estiguin organitzats i siguin manejats eficientment. Aix\u00f2 inclou la recaptaci\u00f3 de pagaments, la gesti\u00f3 de despeses, el manteniment de registres precisos i la coordinaci\u00f3 de serveis comuns.<\/li>\n\n\n\n<li>Transpar\u00e8ncia i confian\u00e7a: proporciona transpar\u00e8ncia en la gesti\u00f3 dels fons comunitaris, cosa que ajuda a generar confian\u00e7a entre els propietaris. En mantenir informats els membres de la comunitat sobre l&#039;estat financer i les decisions administratives, es fomenta un ambient de col\u00b7laboraci\u00f3 i participaci\u00f3.<\/li>\n\n\n\n<li>Resoluci\u00f3 de problemes: una gesti\u00f3 administrativa efica\u00e7 facilita la r\u00e0pida identificaci\u00f3 i resoluci\u00f3 de problemes a la comunitat, ja siguin relacionats amb manteniment, seguretat o altres aspectes. aix\u00f2 contribueix a mantenir un ambient residencial segur, net i agradable per a tots els residents.<\/li>\n\n\n\n<li>Compliment normatiu: Les comunitats de propietaris estan subjectes a normatives i regulacions espec\u00edfiques. Una gesti\u00f3 administrativa adequada garanteix el compliment d\u201faquestes normatives, evitant possibles sancions o problemes legals.<\/li>\n\n\n\n<li>Valoraci\u00f3 de la propietat: una comunitat ben gestionada tendeix a mantenir o augmentar el valor de les propietats dins d&#039;aquesta. Aix\u00f2 \u00e9s perqu\u00e8 una gesti\u00f3 eficient contribueix a la preservaci\u00f3 de les instal\u00b7lacions, millora la qualitat de vida dels residents i crea un entorn atractiu per a potencials compradors.<\/li>\n<\/ol>\n\n\n\n<h2 class=\"wp-block-heading\">Solucions efectives per a la teva comunitat amb Finques Gr\u00e0cia Centre<\/h2>\n\n\n\n<p>Ja sigui que necessitis una gesti\u00f3 administrativa cont\u00ednua o ajuda per resoldre un problema espec\u00edfic, pots confiar en la nostra <strong>immobili\u00e0ria <\/strong>a <strong>Sabadell<\/strong> Finques Gr\u00e0cia Centre. Permeteu-nos encarregar-nos de la gesti\u00f3 administrativa de la vostra comunitat de propietaris de forma integral i gaudiu d&#039;un servei a mida totalment segur.<\/p>","protected":false},"excerpt":{"rendered":"<p>Solucions Professionals per a la vostra Comunitat Des de la nostra immobili\u00e0ria a Sabadell, realitzem des de la gesti\u00f3 de cobraments i pagaments fins a l&#039;organitzaci\u00f3 de juntes i la resoluci\u00f3 d&#039;incid\u00e8ncies. Podem ajudar-te\u2026<\/p>","protected":false},"author":1,"featured_media":2170,"comment_status":"closed","ping_status":"closed","sticky":false,"template":"","format":"standard","meta":{"_kad_blocks_custom_css":"","_kad_blocks_head_custom_js":"","_kad_blocks_body_custom_js":"","_kad_blocks_footer_custom_js":"","_kadence_starter_templates_imported_post":false,"_kad_post_transparent":"","_kad_post_title":"","_kad_post_layout":"","_kad_post_sidebar_id":"","_kad_post_content_style":"","_kad_post_vertical_padding":"","_kad_post_feature":"","_kad_post_feature_position":"","_kad_post_header":false,"_kad_post_footer":false,"_kad_post_classname":"","footnotes":""},"categories":[20,19],"tags":[21],"class_list":["post-2167","post","type-post","status-publish","format-standard","has-post-thumbnail","hentry","category-inmobiliaria-sabadell","category-agencia-inmobiliaria-sabadell","tag-inmobiliaria-sabadell"],"yoast_head":"<!-- This site is optimized with the Yoast SEO plugin v27.5 - https:\/\/yoast.com\/product\/yoast-seo-wordpress\/ -->\n<title>Gesti\u00f3n integral de comunidades en Sabadell con Finques Gr\u00e0cia Centre - FINGRACEN<\/title>\n<meta name=\"description\" content=\"Gesti\u00f3n integral de comunidades en Sabadell con Finques Gracia Centre. Servicios completos para un mantenimiento eficiente y administraci\u00f3n profesional.\" \/>\n<meta name=\"robots\" content=\"index, follow, max-snippet:-1, max-image-preview:large, max-video-preview:-1\" \/>\n<link rel=\"canonical\" href=\"https:\/\/www.fingracen.com\/ca\/gestion-integral-de-comunidades-en-sabadell-con-finques-gracia-centre\/\" \/>\n<meta property=\"og:locale\" content=\"ca_ES\" \/>\n<meta property=\"og:type\" content=\"article\" \/>\n<meta property=\"og:title\" content=\"Gesti\u00f3n integral de comunidades en Sabadell con Finques Gr\u00e0cia Centre - FINGRACEN\" \/>\n<meta property=\"og:description\" content=\"Gesti\u00f3n integral de comunidades en Sabadell con Finques Gracia Centre. Servicios completos para un mantenimiento eficiente y administraci\u00f3n profesional.\" \/>\n<meta property=\"og:url\" content=\"https:\/\/www.fingracen.com\/ca\/gestion-integral-de-comunidades-en-sabadell-con-finques-gracia-centre\/\" \/>\n<meta property=\"og:site_name\" content=\"FINGRACEN\" \/>\n<meta property=\"article:published_time\" content=\"2024-04-17T20:00:00+00:00\" \/>\n<meta property=\"article:modified_time\" content=\"2024-05-27T08:17:27+00:00\" \/>\n<meta property=\"og:image\" content=\"https:\/\/www.fingracen.com\/wp-content\/uploads\/2024\/04\/inmobiliaria-Sabadell-1.jpg\" \/>\n\t<meta property=\"og:image:width\" content=\"900\" \/>\n\t<meta property=\"og:image:height\" content=\"600\" \/>\n\t<meta property=\"og:image:type\" content=\"image\/jpeg\" \/>\n<meta name=\"author\" content=\"eloi\" \/>\n<meta name=\"twitter:card\" content=\"summary_large_image\" \/>\n<meta name=\"twitter:label1\" content=\"Escrit per\" \/>\n\t<meta name=\"twitter:data1\" content=\"eloi\" \/>\n\t<meta name=\"twitter:label2\" content=\"Temps estimat de lectura\" \/>\n\t<meta name=\"twitter:data2\" content=\"3 minuts\" \/>\n<script type=\"application\/ld+json\" class=\"yoast-schema-graph\">{\"@context\":\"https:\\\/\\\/schema.org\",\"@graph\":[{\"@type\":\"Article\",\"@id\":\"https:\\\/\\\/www.fingracen.com\\\/gestion-integral-de-comunidades-en-sabadell-con-finques-gracia-centre\\\/#article\",\"isPartOf\":{\"@id\":\"https:\\\/\\\/www.fingracen.com\\\/gestion-integral-de-comunidades-en-sabadell-con-finques-gracia-centre\\\/\"},\"author\":{\"name\":\"eloi\",\"@id\":\"https:\\\/\\\/www.fingracen.com\\\/#\\\/schema\\\/person\\\/089b815778bdbc5687a738a4b5b250f9\"},\"headline\":\"Gesti\u00f3n integral de comunidades en Sabadell con Finques Gr\u00e0cia Centre\",\"datePublished\":\"2024-04-17T20:00:00+00:00\",\"dateModified\":\"2024-05-27T08:17:27+00:00\",\"mainEntityOfPage\":{\"@id\":\"https:\\\/\\\/www.fingracen.com\\\/gestion-integral-de-comunidades-en-sabadell-con-finques-gracia-centre\\\/\"},\"wordCount\":499,\"publisher\":{\"@id\":\"https:\\\/\\\/www.fingracen.com\\\/#organization\"},\"image\":{\"@id\":\"https:\\\/\\\/www.fingracen.com\\\/gestion-integral-de-comunidades-en-sabadell-con-finques-gracia-centre\\\/#primaryimage\"},\"thumbnailUrl\":\"https:\\\/\\\/www.fingracen.com\\\/wp-content\\\/uploads\\\/2024\\\/04\\\/inmobiliaria-Sabadell-1.jpg\",\"keywords\":[\"inmobiliaria Sabadell\"],\"articleSection\":[\"inmobiliaria Sabadell\",\"agencia inmobiliaria Sabadell\"],\"inLanguage\":\"ca\"},{\"@type\":\"WebPage\",\"@id\":\"https:\\\/\\\/www.fingracen.com\\\/gestion-integral-de-comunidades-en-sabadell-con-finques-gracia-centre\\\/\",\"url\":\"https:\\\/\\\/www.fingracen.com\\\/gestion-integral-de-comunidades-en-sabadell-con-finques-gracia-centre\\\/\",\"name\":\"Gesti\u00f3n integral de comunidades en Sabadell con Finques Gr\u00e0cia Centre - FINGRACEN\",\"isPartOf\":{\"@id\":\"https:\\\/\\\/www.fingracen.com\\\/#website\"},\"primaryImageOfPage\":{\"@id\":\"https:\\\/\\\/www.fingracen.com\\\/gestion-integral-de-comunidades-en-sabadell-con-finques-gracia-centre\\\/#primaryimage\"},\"image\":{\"@id\":\"https:\\\/\\\/www.fingracen.com\\\/gestion-integral-de-comunidades-en-sabadell-con-finques-gracia-centre\\\/#primaryimage\"},\"thumbnailUrl\":\"https:\\\/\\\/www.fingracen.com\\\/wp-content\\\/uploads\\\/2024\\\/04\\\/inmobiliaria-Sabadell-1.jpg\",\"datePublished\":\"2024-04-17T20:00:00+00:00\",\"dateModified\":\"2024-05-27T08:17:27+00:00\",\"description\":\"Gesti\u00f3n integral de comunidades en Sabadell con Finques Gracia Centre. Servicios completos para un mantenimiento eficiente y administraci\u00f3n profesional.\",\"breadcrumb\":{\"@id\":\"https:\\\/\\\/www.fingracen.com\\\/gestion-integral-de-comunidades-en-sabadell-con-finques-gracia-centre\\\/#breadcrumb\"},\"inLanguage\":\"ca\",\"potentialAction\":[{\"@type\":\"ReadAction\",\"target\":[\"https:\\\/\\\/www.fingracen.com\\\/gestion-integral-de-comunidades-en-sabadell-con-finques-gracia-centre\\\/\"]}]},{\"@type\":\"ImageObject\",\"inLanguage\":\"ca\",\"@id\":\"https:\\\/\\\/www.fingracen.com\\\/gestion-integral-de-comunidades-en-sabadell-con-finques-gracia-centre\\\/#primaryimage\",\"url\":\"https:\\\/\\\/www.fingracen.com\\\/wp-content\\\/uploads\\\/2024\\\/04\\\/inmobiliaria-Sabadell-1.jpg\",\"contentUrl\":\"https:\\\/\\\/www.fingracen.com\\\/wp-content\\\/uploads\\\/2024\\\/04\\\/inmobiliaria-Sabadell-1.jpg\",\"width\":900,\"height\":600,\"caption\":\"mujer sonriente\"},{\"@type\":\"BreadcrumbList\",\"@id\":\"https:\\\/\\\/www.fingracen.com\\\/gestion-integral-de-comunidades-en-sabadell-con-finques-gracia-centre\\\/#breadcrumb\",\"itemListElement\":[{\"@type\":\"ListItem\",\"position\":1,\"name\":\"Portada\",\"item\":\"https:\\\/\\\/www.fingracen.com\\\/\"},{\"@type\":\"ListItem\",\"position\":2,\"name\":\"Gesti\u00f3n integral de comunidades en Sabadell con Finques Gr\u00e0cia Centre\"}]},{\"@type\":\"WebSite\",\"@id\":\"https:\\\/\\\/www.fingracen.com\\\/#website\",\"url\":\"https:\\\/\\\/www.fingracen.com\\\/\",\"name\":\"FINGRACEN\",\"description\":\"Pisos en Sabadell | Inmobiliarias Sabadell\",\"publisher\":{\"@id\":\"https:\\\/\\\/www.fingracen.com\\\/#organization\"},\"potentialAction\":[{\"@type\":\"SearchAction\",\"target\":{\"@type\":\"EntryPoint\",\"urlTemplate\":\"https:\\\/\\\/www.fingracen.com\\\/?s={search_term_string}\"},\"query-input\":{\"@type\":\"PropertyValueSpecification\",\"valueRequired\":true,\"valueName\":\"search_term_string\"}}],\"inLanguage\":\"ca\"},{\"@type\":\"Organization\",\"@id\":\"https:\\\/\\\/www.fingracen.com\\\/#organization\",\"name\":\"FINGRACEN\",\"url\":\"https:\\\/\\\/www.fingracen.com\\\/\",\"logo\":{\"@type\":\"ImageObject\",\"inLanguage\":\"ca\",\"@id\":\"https:\\\/\\\/www.fingracen.com\\\/#\\\/schema\\\/logo\\\/image\\\/\",\"url\":\"https:\\\/\\\/www.fingracen.com\\\/wp-content\\\/uploads\\\/2024\\\/03\\\/LOGO-en-Blanco-1-1.png\",\"contentUrl\":\"https:\\\/\\\/www.fingracen.com\\\/wp-content\\\/uploads\\\/2024\\\/03\\\/LOGO-en-Blanco-1-1.png\",\"width\":6000,\"height\":3375,\"caption\":\"FINGRACEN\"},\"image\":{\"@id\":\"https:\\\/\\\/www.fingracen.com\\\/#\\\/schema\\\/logo\\\/image\\\/\"}},{\"@type\":\"Person\",\"@id\":\"https:\\\/\\\/www.fingracen.com\\\/#\\\/schema\\\/person\\\/089b815778bdbc5687a738a4b5b250f9\",\"name\":\"eloi\",\"sameAs\":[\"https:\\\/\\\/www.fingracen.com\"],\"url\":\"https:\\\/\\\/www.fingracen.com\\\/ca\\\/author\\\/eloi\\\/\"}]}<\/script>\n<!-- \/ Yoast SEO plugin. -->","yoast_head_json":{"title":"Gesti\u00f3n integral de comunidades en Sabadell con Finques Gr\u00e0cia Centre - FINGRACEN","description":"Gesti\u00f3n integral de comunidades en Sabadell con Finques Gracia Centre. Servicios completos para un mantenimiento eficiente y administraci\u00f3n profesional.","robots":{"index":"index","follow":"follow","max-snippet":"max-snippet:-1","max-image-preview":"max-image-preview:large","max-video-preview":"max-video-preview:-1"},"canonical":"https:\/\/www.fingracen.com\/ca\/gestion-integral-de-comunidades-en-sabadell-con-finques-gracia-centre\/","og_locale":"ca_ES","og_type":"article","og_title":"Gesti\u00f3n integral de comunidades en Sabadell con Finques Gr\u00e0cia Centre - FINGRACEN","og_description":"Gesti\u00f3n integral de comunidades en Sabadell con Finques Gracia Centre. Servicios completos para un mantenimiento eficiente y administraci\u00f3n profesional.","og_url":"https:\/\/www.fingracen.com\/ca\/gestion-integral-de-comunidades-en-sabadell-con-finques-gracia-centre\/","og_site_name":"FINGRACEN","article_published_time":"2024-04-17T20:00:00+00:00","article_modified_time":"2024-05-27T08:17:27+00:00","og_image":[{"width":900,"height":600,"url":"https:\/\/www.fingracen.com\/wp-content\/uploads\/2024\/04\/inmobiliaria-Sabadell-1.jpg","type":"image\/jpeg"}],"author":"eloi","twitter_card":"summary_large_image","twitter_misc":{"Escrit per":"eloi","Temps estimat de lectura":"3 minuts"},"schema":{"@context":"https:\/\/schema.org","@graph":[{"@type":"Article","@id":"https:\/\/www.fingracen.com\/gestion-integral-de-comunidades-en-sabadell-con-finques-gracia-centre\/#article","isPartOf":{"@id":"https:\/\/www.fingracen.com\/gestion-integral-de-comunidades-en-sabadell-con-finques-gracia-centre\/"},"author":{"name":"eloi","@id":"https:\/\/www.fingracen.com\/#\/schema\/person\/089b815778bdbc5687a738a4b5b250f9"},"headline":"Gesti\u00f3n integral de comunidades en Sabadell con Finques Gr\u00e0cia Centre","datePublished":"2024-04-17T20:00:00+00:00","dateModified":"2024-05-27T08:17:27+00:00","mainEntityOfPage":{"@id":"https:\/\/www.fingracen.com\/gestion-integral-de-comunidades-en-sabadell-con-finques-gracia-centre\/"},"wordCount":499,"publisher":{"@id":"https:\/\/www.fingracen.com\/#organization"},"image":{"@id":"https:\/\/www.fingracen.com\/gestion-integral-de-comunidades-en-sabadell-con-finques-gracia-centre\/#primaryimage"},"thumbnailUrl":"https:\/\/www.fingracen.com\/wp-content\/uploads\/2024\/04\/inmobiliaria-Sabadell-1.jpg","keywords":["inmobiliaria Sabadell"],"articleSection":["inmobiliaria Sabadell","agencia inmobiliaria Sabadell"],"inLanguage":"ca"},{"@type":"WebPage","@id":"https:\/\/www.fingracen.com\/gestion-integral-de-comunidades-en-sabadell-con-finques-gracia-centre\/","url":"https:\/\/www.fingracen.com\/gestion-integral-de-comunidades-en-sabadell-con-finques-gracia-centre\/","name":"Gesti\u00f3n integral de comunidades en Sabadell con Finques Gr\u00e0cia Centre - FINGRACEN","isPartOf":{"@id":"https:\/\/www.fingracen.com\/#website"},"primaryImageOfPage":{"@id":"https:\/\/www.fingracen.com\/gestion-integral-de-comunidades-en-sabadell-con-finques-gracia-centre\/#primaryimage"},"image":{"@id":"https:\/\/www.fingracen.com\/gestion-integral-de-comunidades-en-sabadell-con-finques-gracia-centre\/#primaryimage"},"thumbnailUrl":"https:\/\/www.fingracen.com\/wp-content\/uploads\/2024\/04\/inmobiliaria-Sabadell-1.jpg","datePublished":"2024-04-17T20:00:00+00:00","dateModified":"2024-05-27T08:17:27+00:00","description":"Gesti\u00f3n integral de comunidades en Sabadell con Finques Gracia Centre. Servicios completos para un mantenimiento eficiente y administraci\u00f3n profesional.","breadcrumb":{"@id":"https:\/\/www.fingracen.com\/gestion-integral-de-comunidades-en-sabadell-con-finques-gracia-centre\/#breadcrumb"},"inLanguage":"ca","potentialAction":[{"@type":"ReadAction","target":["https:\/\/www.fingracen.com\/gestion-integral-de-comunidades-en-sabadell-con-finques-gracia-centre\/"]}]},{"@type":"ImageObject","inLanguage":"ca","@id":"https:\/\/www.fingracen.com\/gestion-integral-de-comunidades-en-sabadell-con-finques-gracia-centre\/#primaryimage","url":"https:\/\/www.fingracen.com\/wp-content\/uploads\/2024\/04\/inmobiliaria-Sabadell-1.jpg","contentUrl":"https:\/\/www.fingracen.com\/wp-content\/uploads\/2024\/04\/inmobiliaria-Sabadell-1.jpg","width":900,"height":600,"caption":"mujer sonriente"},{"@type":"BreadcrumbList","@id":"https:\/\/www.fingracen.com\/gestion-integral-de-comunidades-en-sabadell-con-finques-gracia-centre\/#breadcrumb","itemListElement":[{"@type":"ListItem","position":1,"name":"Portada","item":"https:\/\/www.fingracen.com\/"},{"@type":"ListItem","position":2,"name":"Gesti\u00f3n integral de comunidades en Sabadell con Finques Gr\u00e0cia Centre"}]},{"@type":"WebSite","@id":"https:\/\/www.fingracen.com\/#website","url":"https:\/\/www.fingracen.com\/","name":"FINGRACEN","description":"Pisos en Sabadell | Inmobiliarias Sabadell","publisher":{"@id":"https:\/\/www.fingracen.com\/#organization"},"potentialAction":[{"@type":"SearchAction","target":{"@type":"EntryPoint","urlTemplate":"https:\/\/www.fingracen.com\/?s={search_term_string}"},"query-input":{"@type":"PropertyValueSpecification","valueRequired":true,"valueName":"search_term_string"}}],"inLanguage":"ca"},{"@type":"Organization","@id":"https:\/\/www.fingracen.com\/#organization","name":"FINGRACEN","url":"https:\/\/www.fingracen.com\/","logo":{"@type":"ImageObject","inLanguage":"ca","@id":"https:\/\/www.fingracen.com\/#\/schema\/logo\/image\/","url":"https:\/\/www.fingracen.com\/wp-content\/uploads\/2024\/03\/LOGO-en-Blanco-1-1.png","contentUrl":"https:\/\/www.fingracen.com\/wp-content\/uploads\/2024\/03\/LOGO-en-Blanco-1-1.png","width":6000,"height":3375,"caption":"FINGRACEN"},"image":{"@id":"https:\/\/www.fingracen.com\/#\/schema\/logo\/image\/"}},{"@type":"Person","@id":"https:\/\/www.fingracen.com\/#\/schema\/person\/089b815778bdbc5687a738a4b5b250f9","name":"eloi","sameAs":["https:\/\/www.fingracen.com"],"url":"https:\/\/www.fingracen.com\/ca\/author\/eloi\/"}]}},"taxonomy_info":{"category":[{"value":20,"label":"inmobiliaria Sabadell"},{"value":19,"label":"agencia inmobiliaria Sabadell"}],"post_tag":[{"value":21,"label":"inmobiliaria Sabadell"}]},"featured_image_src_large":["https:\/\/www.fingracen.com\/wp-content\/uploads\/2024\/04\/inmobiliaria-Sabadell-1.jpg",900,600,false],"author_info":{"display_name":"eloi","author_link":"https:\/\/www.fingracen.com\/ca\/author\/eloi\/"},"comment_info":0,"category_info":[{"term_id":20,"name":"inmobiliaria Sabadell","slug":"inmobiliaria-sabadell","term_group":0,"term_taxonomy_id":20,"taxonomy":"category","description":"","parent":0,"count":4,"filter":"raw","term_order":"7","cat_ID":20,"category_count":4,"category_description":"","cat_name":"inmobiliaria Sabadell","category_nicename":"inmobiliaria-sabadell","category_parent":0},{"term_id":19,"name":"agencia inmobiliaria Sabadell","slug":"agencia-inmobiliaria-sabadell","term_group":0,"term_taxonomy_id":19,"taxonomy":"category","description":"","parent":0,"count":3,"filter":"raw","term_order":"8","cat_ID":19,"category_count":3,"category_description":"","cat_name":"agencia inmobiliaria Sabadell","category_nicename":"agencia-inmobiliaria-sabadell","category_parent":0}],"tag_info":[{"term_id":21,"name":"inmobiliaria Sabadell","slug":"inmobiliaria-sabadell","term_group":0,"term_taxonomy_id":21,"taxonomy":"post_tag","description":"","parent":0,"count":3,"filter":"raw","term_order":"0"}],"_links":{"self":[{"href":"https:\/\/www.fingracen.com\/ca\/wp-json\/wp\/v2\/posts\/2167","targetHints":{"allow":["GET"]}}],"collection":[{"href":"https:\/\/www.fingracen.com\/ca\/wp-json\/wp\/v2\/posts"}],"about":[{"href":"https:\/\/www.fingracen.com\/ca\/wp-json\/wp\/v2\/types\/post"}],"author":[{"embeddable":true,"href":"https:\/\/www.fingracen.com\/ca\/wp-json\/wp\/v2\/users\/1"}],"replies":[{"embeddable":true,"href":"https:\/\/www.fingracen.com\/ca\/wp-json\/wp\/v2\/comments?post=2167"}],"version-history":[{"count":2,"href":"https:\/\/www.fingracen.com\/ca\/wp-json\/wp\/v2\/posts\/2167\/revisions"}],"predecessor-version":[{"id":2271,"href":"https:\/\/www.fingracen.com\/ca\/wp-json\/wp\/v2\/posts\/2167\/revisions\/2271"}],"wp:featuredmedia":[{"embeddable":true,"href":"https:\/\/www.fingracen.com\/ca\/wp-json\/wp\/v2\/media\/2170"}],"wp:attachment":[{"href":"https:\/\/www.fingracen.com\/ca\/wp-json\/wp\/v2\/media?parent=2167"}],"wp:term":[{"taxonomy":"category","embeddable":true,"href":"https:\/\/www.fingracen.com\/ca\/wp-json\/wp\/v2\/categories?post=2167"},{"taxonomy":"post_tag","embeddable":true,"href":"https:\/\/www.fingracen.com\/ca\/wp-json\/wp\/v2\/tags?post=2167"}],"curies":[{"name":"wp","href":"https:\/\/api.w.org\/{rel}","templated":true}]}}