{"id":2567,"date":"2024-10-25T12:10:43","date_gmt":"2024-10-25T10:10:43","guid":{"rendered":"https:\/\/www.fingracen.com\/?p=2567"},"modified":"2024-10-29T12:43:52","modified_gmt":"2024-10-29T11:43:52","slug":"la-importancia-de-la-primera-impresion-como-hacer-resaltar-tu-piso-en-alquiler","status":"publish","type":"post","link":"https:\/\/www.fingracen.com\/en\/la-importancia-de-la-primera-impresion-como-hacer-resaltar-tu-piso-en-alquiler\/","title":{"rendered":"La importancia de la primera impresi\u00f3n: C\u00f3mo hacer resaltar tu piso en alquiler"},"content":{"rendered":"<h2 class=\"wp-block-heading\">Piso en alquiler en Sabadell: los detalles <\/h2>\n\n\n\n<p>Alquilar un piso en Sabadell puede ser una experiencia emocionante, pero tambi\u00e9n desafiante. Con una oferta variada y competida en el mercado, es fundamental que tu <strong><a href=\"https:\/\/www.fingracen.com\/en\/alquiler\/\">piso en alquiler en Sabadell<\/a><\/strong> se destaque. A continuaci\u00f3n, te ofrecemos algunos consejos efectivos para lograrlo.<\/p>\n\n\n\n<figure class=\"wp-block-image size-large\"><img loading=\"lazy\" decoding=\"async\" width=\"1024\" height=\"724\" src=\"https:\/\/www.fingracen.com\/wp-content\/uploads\/2024\/10\/piso-en-Sabadell-1024x724.jpg\" alt=\"\" class=\"wp-image-2569\" srcset=\"https:\/\/www.fingracen.com\/wp-content\/uploads\/2024\/10\/piso-en-Sabadell-1024x724.jpg 1024w, https:\/\/www.fingracen.com\/wp-content\/uploads\/2024\/10\/piso-en-Sabadell-300x212.jpg 300w, https:\/\/www.fingracen.com\/wp-content\/uploads\/2024\/10\/piso-en-Sabadell-768x543.jpg 768w, https:\/\/www.fingracen.com\/wp-content\/uploads\/2024\/10\/piso-en-Sabadell-1536x1086.jpg 1536w, https:\/\/www.fingracen.com\/wp-content\/uploads\/2024\/10\/piso-en-Sabadell-18x12.jpg 18w, https:\/\/www.fingracen.com\/wp-content\/uploads\/2024\/10\/piso-en-Sabadell.jpg 2000w\" sizes=\"auto, (max-width: 1024px) 100vw, 1024px\" \/><\/figure>\n\n\n\n<h2 class=\"wp-block-heading\">Mejora la presentaci\u00f3n de tu piso en alquiler en Sabadell<\/h2>\n\n\n\n<p>La primera impresi\u00f3n cuenta, especialmente en el mercado inmobiliario. Para que tu <strong>piso en alquiler en Sabadell <\/strong>resalte, comienza por mejorar su presentaci\u00f3n. Aseg\u00farate de que todas las \u00e1reas est\u00e9n limpias y organizadas. Considera realizar peque\u00f1as reparaciones que puedan aumentar su atractivo, como pintar paredes desgastadas o arreglar grifos que gotean.<\/p>\n\n\n\n<p>Adem\u00e1s, la iluminaci\u00f3n es clave. Un espacio bien iluminado siempre resulta m\u00e1s acogedor. Si es posible, aprovecha la luz natural, abriendo cortinas y persianas. Tambi\u00e9n puedes optar por luces c\u00e1lidas para crear un ambiente acogedor durante las visitas.<\/p>\n\n\n\n<h2 class=\"wp-block-heading\">Publicidad efectiva para tu piso en alquiler en Sabadell<\/h2>\n\n\n\n<p>Una vez que tu <strong>piso en alquiler en Sabadell<\/strong> est\u00e9 listo para ser mostrado, el siguiente paso es una buena estrategia publicitaria. La calidad de las fotos es crucial; aseg\u00farate de que sean de alta resoluci\u00f3n y muestren cada habitaci\u00f3n desde diferentes \u00e1ngulos. Considera incluir fotos del exterior, del edificio y de cualquier \u00e1rea com\u00fan que los futuros inquilinos puedan utilizar.<\/p>\n\n\n\n<p>No olvides redactar una descripci\u00f3n atractiva. Utiliza palabras clave que resalten las caracter\u00edsticas \u00fanicas de tu propiedad, como su ubicaci\u00f3n, servicios cercanos y el ambiente del vecindario. Un buen t\u00edtulo tambi\u00e9n puede marcar la diferencia, as\u00ed que aseg\u00farate de incluir <strong>piso en alquiler en Sabadell <\/strong>en \u00e9l.<\/p>\n\n\n\n<p>Adem\u00e1s, no dudes en usar plataformas digitales y redes sociales para llegar a un p\u00fablico m\u00e1s amplio. Comparte tu anuncio en grupos locales de Facebook o en sitios de alquiler populares. Cuantas m\u00e1s personas vean tu <strong>piso en alquiler en Sabadell<\/strong>, m\u00e1s posibilidades tendr\u00e1s de encontrar inquilinos.<\/p>\n\n\n\n<figure class=\"wp-block-image size-large\"><img loading=\"lazy\" decoding=\"async\" width=\"1024\" height=\"724\" src=\"https:\/\/www.fingracen.com\/wp-content\/uploads\/2024\/10\/piso-en-alquiler-1024x724.jpg\" alt=\"\" class=\"wp-image-2571\" srcset=\"https:\/\/www.fingracen.com\/wp-content\/uploads\/2024\/10\/piso-en-alquiler-1024x724.jpg 1024w, https:\/\/www.fingracen.com\/wp-content\/uploads\/2024\/10\/piso-en-alquiler-300x212.jpg 300w, https:\/\/www.fingracen.com\/wp-content\/uploads\/2024\/10\/piso-en-alquiler-768x543.jpg 768w, https:\/\/www.fingracen.com\/wp-content\/uploads\/2024\/10\/piso-en-alquiler-1536x1086.jpg 1536w, https:\/\/www.fingracen.com\/wp-content\/uploads\/2024\/10\/piso-en-alquiler-18x12.jpg 18w, https:\/\/www.fingracen.com\/wp-content\/uploads\/2024\/10\/piso-en-alquiler.jpg 2000w\" sizes=\"auto, (max-width: 1024px) 100vw, 1024px\" \/><\/figure>\n\n\n\n<h2 class=\"wp-block-heading\">Establece un precio competitivo para tu piso en alquiler en Sabadell<\/h2>\n\n\n\n<p>Uno de los factores m\u00e1s importantes para resaltar tu <strong>piso en alquiler en Sabadell<\/strong> es establecer un precio competitivo. Investiga el mercado y compara precios de propiedades similares en la misma zona. Ten en cuenta la calidad de tu piso, sus caracter\u00edsticas y su ubicaci\u00f3n. Un precio justo atraer\u00e1 a m\u00e1s inquilinos y har\u00e1 que tu piso destaque entre la competencia.<\/p>\n\n\n\n<p>Si te resulta dif\u00edcil decidir el precio, considera consultar a una agencia inmobiliaria como Finques Gr\u00e0cia Centre. Nuestro equipo est\u00e1 especializado en el mercado de Sabadell y puede ayudarte a establecer un precio que resalte tu <strong>piso en alquiler en Sabadell<\/strong> y atraiga inquilinos r\u00e1pidamente.<\/p>\n\n\n\n<p>Resaltar un <strong>piso en alquiler en Sabadell<\/strong> requiere atenci\u00f3n a los detalles y una buena estrategia de marketing. Desde mejorar la presentaci\u00f3n hasta establecer un precio competitivo, cada paso es fundamental para atraer a los inquilinos adecuados. En Finques Gr\u00e0cia Centre, estamos aqu\u00ed para ayudarte a maximizar el potencial de tu propiedad y garantizar que tu<strong> piso en alquiler en Sabadell<\/strong> se destaque en el competitivo mercado inmobiliario.<\/p>\n\n\n\n<figure class=\"wp-block-image size-large\"><img loading=\"lazy\" decoding=\"async\" width=\"1024\" height=\"724\" src=\"https:\/\/www.fingracen.com\/wp-content\/uploads\/2024\/10\/alquiler-en-Sabadell-1-1024x724.jpg\" alt=\"\" class=\"wp-image-2568\" srcset=\"https:\/\/www.fingracen.com\/wp-content\/uploads\/2024\/10\/alquiler-en-Sabadell-1-1024x724.jpg 1024w, https:\/\/www.fingracen.com\/wp-content\/uploads\/2024\/10\/alquiler-en-Sabadell-1-300x212.jpg 300w, https:\/\/www.fingracen.com\/wp-content\/uploads\/2024\/10\/alquiler-en-Sabadell-1-768x543.jpg 768w, https:\/\/www.fingracen.com\/wp-content\/uploads\/2024\/10\/alquiler-en-Sabadell-1-1536x1086.jpg 1536w, https:\/\/www.fingracen.com\/wp-content\/uploads\/2024\/10\/alquiler-en-Sabadell-1-18x12.jpg 18w, https:\/\/www.fingracen.com\/wp-content\/uploads\/2024\/10\/alquiler-en-Sabadell-1.jpg 2000w\" sizes=\"auto, (max-width: 1024px) 100vw, 1024px\" \/><\/figure>","protected":false},"excerpt":{"rendered":"<p>Piso en alquiler en Sabadell: los detalles Alquilar un piso en Sabadell puede ser una experiencia emocionante, pero tambi\u00e9n desafiante. Con una oferta variada y competida en el mercado, es&#8230;<\/p>","protected":false},"author":1,"featured_media":2570,"comment_status":"closed","ping_status":"closed","sticky":false,"template":"","format":"standard","meta":{"_kad_blocks_custom_css":"","_kad_blocks_head_custom_js":"","_kad_blocks_body_custom_js":"","_kad_blocks_footer_custom_js":"","_kadence_starter_templates_imported_post":false,"_kad_post_transparent":"","_kad_post_title":"","_kad_post_layout":"","_kad_post_sidebar_id":"","_kad_post_content_style":"","_kad_post_vertical_padding":"","_kad_post_feature":"","_kad_post_feature_position":"","_kad_post_header":false,"_kad_post_footer":false,"_kad_post_classname":"","footnotes":""},"categories":[34],"tags":[47],"class_list":["post-2567","post","type-post","status-publish","format-standard","has-post-thumbnail","hentry","category-alquiler-piso-sabadell","tag-piso-en-alquiler-en-sabadell"],"yoast_head":"<!-- This site is optimized with the Yoast SEO plugin v27.4 - https:\/\/yoast.com\/product\/yoast-seo-wordpress\/ -->\n<title>La importancia de la primera impresi\u00f3n: C\u00f3mo hacer resaltar tu piso en alquiler - FINGRACEN<\/title>\n<meta name=\"robots\" content=\"index, follow, max-snippet:-1, max-image-preview:large, max-video-preview:-1\" \/>\n<link rel=\"canonical\" href=\"https:\/\/www.fingracen.com\/en\/la-importancia-de-la-primera-impresion-como-hacer-resaltar-tu-piso-en-alquiler\/\" \/>\n<meta property=\"og:locale\" content=\"en_GB\" \/>\n<meta property=\"og:type\" content=\"article\" \/>\n<meta property=\"og:title\" content=\"La importancia de la primera impresi\u00f3n: C\u00f3mo hacer resaltar tu piso en alquiler - FINGRACEN\" \/>\n<meta property=\"og:description\" content=\"Piso en alquiler en Sabadell: los detalles Alquilar un piso en Sabadell puede ser una experiencia emocionante, pero tambi\u00e9n desafiante. Con una oferta variada y competida en el mercado, es...\" \/>\n<meta property=\"og:url\" content=\"https:\/\/www.fingracen.com\/en\/la-importancia-de-la-primera-impresion-como-hacer-resaltar-tu-piso-en-alquiler\/\" \/>\n<meta property=\"og:site_name\" content=\"FINGRACEN\" \/>\n<meta property=\"article:published_time\" content=\"2024-10-25T10:10:43+00:00\" \/>\n<meta property=\"article:modified_time\" content=\"2024-10-29T11:43:52+00:00\" \/>\n<meta property=\"og:image\" content=\"https:\/\/www.fingracen.com\/wp-content\/uploads\/2024\/10\/piso-en-alquiler-en-Sabadell.jpg\" \/>\n\t<meta property=\"og:image:width\" content=\"2000\" \/>\n\t<meta property=\"og:image:height\" content=\"1414\" \/>\n\t<meta property=\"og:image:type\" content=\"image\/jpeg\" \/>\n<meta name=\"author\" content=\"eloi\" \/>\n<meta name=\"twitter:card\" content=\"summary_large_image\" \/>\n<meta name=\"twitter:label1\" content=\"Written by\" \/>\n\t<meta name=\"twitter:data1\" content=\"eloi\" \/>\n\t<meta name=\"twitter:label2\" content=\"Estimated reading time\" \/>\n\t<meta name=\"twitter:data2\" content=\"4 minutes\" \/>\n<script type=\"application\/ld+json\" class=\"yoast-schema-graph\">{\"@context\":\"https:\\\/\\\/schema.org\",\"@graph\":[{\"@type\":\"Article\",\"@id\":\"https:\\\/\\\/www.fingracen.com\\\/la-importancia-de-la-primera-impresion-como-hacer-resaltar-tu-piso-en-alquiler\\\/#article\",\"isPartOf\":{\"@id\":\"https:\\\/\\\/www.fingracen.com\\\/la-importancia-de-la-primera-impresion-como-hacer-resaltar-tu-piso-en-alquiler\\\/\"},\"author\":{\"name\":\"eloi\",\"@id\":\"https:\\\/\\\/www.fingracen.com\\\/#\\\/schema\\\/person\\\/089b815778bdbc5687a738a4b5b250f9\"},\"headline\":\"La importancia de la primera impresi\u00f3n: C\u00f3mo hacer resaltar tu piso en alquiler\",\"datePublished\":\"2024-10-25T10:10:43+00:00\",\"dateModified\":\"2024-10-29T11:43:52+00:00\",\"mainEntityOfPage\":{\"@id\":\"https:\\\/\\\/www.fingracen.com\\\/la-importancia-de-la-primera-impresion-como-hacer-resaltar-tu-piso-en-alquiler\\\/\"},\"wordCount\":551,\"publisher\":{\"@id\":\"https:\\\/\\\/www.fingracen.com\\\/#organization\"},\"image\":{\"@id\":\"https:\\\/\\\/www.fingracen.com\\\/la-importancia-de-la-primera-impresion-como-hacer-resaltar-tu-piso-en-alquiler\\\/#primaryimage\"},\"thumbnailUrl\":\"https:\\\/\\\/www.fingracen.com\\\/wp-content\\\/uploads\\\/2024\\\/10\\\/piso-en-alquiler-en-Sabadell.jpg\",\"keywords\":[\"piso en alquiler en Sabadell\"],\"articleSection\":[\"alquiler piso Sabadell\"],\"inLanguage\":\"en-GB\"},{\"@type\":\"WebPage\",\"@id\":\"https:\\\/\\\/www.fingracen.com\\\/la-importancia-de-la-primera-impresion-como-hacer-resaltar-tu-piso-en-alquiler\\\/\",\"url\":\"https:\\\/\\\/www.fingracen.com\\\/la-importancia-de-la-primera-impresion-como-hacer-resaltar-tu-piso-en-alquiler\\\/\",\"name\":\"La importancia de la primera impresi\u00f3n: C\u00f3mo hacer resaltar tu piso en alquiler - FINGRACEN\",\"isPartOf\":{\"@id\":\"https:\\\/\\\/www.fingracen.com\\\/#website\"},\"primaryImageOfPage\":{\"@id\":\"https:\\\/\\\/www.fingracen.com\\\/la-importancia-de-la-primera-impresion-como-hacer-resaltar-tu-piso-en-alquiler\\\/#primaryimage\"},\"image\":{\"@id\":\"https:\\\/\\\/www.fingracen.com\\\/la-importancia-de-la-primera-impresion-como-hacer-resaltar-tu-piso-en-alquiler\\\/#primaryimage\"},\"thumbnailUrl\":\"https:\\\/\\\/www.fingracen.com\\\/wp-content\\\/uploads\\\/2024\\\/10\\\/piso-en-alquiler-en-Sabadell.jpg\",\"datePublished\":\"2024-10-25T10:10:43+00:00\",\"dateModified\":\"2024-10-29T11:43:52+00:00\",\"breadcrumb\":{\"@id\":\"https:\\\/\\\/www.fingracen.com\\\/la-importancia-de-la-primera-impresion-como-hacer-resaltar-tu-piso-en-alquiler\\\/#breadcrumb\"},\"inLanguage\":\"en-GB\",\"potentialAction\":[{\"@type\":\"ReadAction\",\"target\":[\"https:\\\/\\\/www.fingracen.com\\\/la-importancia-de-la-primera-impresion-como-hacer-resaltar-tu-piso-en-alquiler\\\/\"]}]},{\"@type\":\"ImageObject\",\"inLanguage\":\"en-GB\",\"@id\":\"https:\\\/\\\/www.fingracen.com\\\/la-importancia-de-la-primera-impresion-como-hacer-resaltar-tu-piso-en-alquiler\\\/#primaryimage\",\"url\":\"https:\\\/\\\/www.fingracen.com\\\/wp-content\\\/uploads\\\/2024\\\/10\\\/piso-en-alquiler-en-Sabadell.jpg\",\"contentUrl\":\"https:\\\/\\\/www.fingracen.com\\\/wp-content\\\/uploads\\\/2024\\\/10\\\/piso-en-alquiler-en-Sabadell.jpg\",\"width\":2000,\"height\":1414},{\"@type\":\"BreadcrumbList\",\"@id\":\"https:\\\/\\\/www.fingracen.com\\\/la-importancia-de-la-primera-impresion-como-hacer-resaltar-tu-piso-en-alquiler\\\/#breadcrumb\",\"itemListElement\":[{\"@type\":\"ListItem\",\"position\":1,\"name\":\"Portada\",\"item\":\"https:\\\/\\\/www.fingracen.com\\\/\"},{\"@type\":\"ListItem\",\"position\":2,\"name\":\"La importancia de la primera impresi\u00f3n: C\u00f3mo hacer resaltar tu piso en alquiler\"}]},{\"@type\":\"WebSite\",\"@id\":\"https:\\\/\\\/www.fingracen.com\\\/#website\",\"url\":\"https:\\\/\\\/www.fingracen.com\\\/\",\"name\":\"FINGRACEN\",\"description\":\"Pisos en Sabadell | Inmobiliarias Sabadell\",\"publisher\":{\"@id\":\"https:\\\/\\\/www.fingracen.com\\\/#organization\"},\"potentialAction\":[{\"@type\":\"SearchAction\",\"target\":{\"@type\":\"EntryPoint\",\"urlTemplate\":\"https:\\\/\\\/www.fingracen.com\\\/?s={search_term_string}\"},\"query-input\":{\"@type\":\"PropertyValueSpecification\",\"valueRequired\":true,\"valueName\":\"search_term_string\"}}],\"inLanguage\":\"en-GB\"},{\"@type\":\"Organization\",\"@id\":\"https:\\\/\\\/www.fingracen.com\\\/#organization\",\"name\":\"FINGRACEN\",\"url\":\"https:\\\/\\\/www.fingracen.com\\\/\",\"logo\":{\"@type\":\"ImageObject\",\"inLanguage\":\"en-GB\",\"@id\":\"https:\\\/\\\/www.fingracen.com\\\/#\\\/schema\\\/logo\\\/image\\\/\",\"url\":\"https:\\\/\\\/www.fingracen.com\\\/wp-content\\\/uploads\\\/2024\\\/03\\\/LOGO-en-Blanco-1-1.png\",\"contentUrl\":\"https:\\\/\\\/www.fingracen.com\\\/wp-content\\\/uploads\\\/2024\\\/03\\\/LOGO-en-Blanco-1-1.png\",\"width\":6000,\"height\":3375,\"caption\":\"FINGRACEN\"},\"image\":{\"@id\":\"https:\\\/\\\/www.fingracen.com\\\/#\\\/schema\\\/logo\\\/image\\\/\"}},{\"@type\":\"Person\",\"@id\":\"https:\\\/\\\/www.fingracen.com\\\/#\\\/schema\\\/person\\\/089b815778bdbc5687a738a4b5b250f9\",\"name\":\"eloi\",\"sameAs\":[\"https:\\\/\\\/www.fingracen.com\"],\"url\":\"https:\\\/\\\/www.fingracen.com\\\/en\\\/author\\\/eloi\\\/\"}]}<\/script>\n<!-- \/ Yoast SEO plugin. -->","yoast_head_json":{"title":"La importancia de la primera impresi\u00f3n: C\u00f3mo hacer resaltar tu piso en alquiler - FINGRACEN","robots":{"index":"index","follow":"follow","max-snippet":"max-snippet:-1","max-image-preview":"max-image-preview:large","max-video-preview":"max-video-preview:-1"},"canonical":"https:\/\/www.fingracen.com\/en\/la-importancia-de-la-primera-impresion-como-hacer-resaltar-tu-piso-en-alquiler\/","og_locale":"en_GB","og_type":"article","og_title":"La importancia de la primera impresi\u00f3n: C\u00f3mo hacer resaltar tu piso en alquiler - FINGRACEN","og_description":"Piso en alquiler en Sabadell: los detalles Alquilar un piso en Sabadell puede ser una experiencia emocionante, pero tambi\u00e9n desafiante. Con una oferta variada y competida en el mercado, es...","og_url":"https:\/\/www.fingracen.com\/en\/la-importancia-de-la-primera-impresion-como-hacer-resaltar-tu-piso-en-alquiler\/","og_site_name":"FINGRACEN","article_published_time":"2024-10-25T10:10:43+00:00","article_modified_time":"2024-10-29T11:43:52+00:00","og_image":[{"width":2000,"height":1414,"url":"https:\/\/www.fingracen.com\/wp-content\/uploads\/2024\/10\/piso-en-alquiler-en-Sabadell.jpg","type":"image\/jpeg"}],"author":"eloi","twitter_card":"summary_large_image","twitter_misc":{"Written by":"eloi","Estimated reading time":"4 minutes"},"schema":{"@context":"https:\/\/schema.org","@graph":[{"@type":"Article","@id":"https:\/\/www.fingracen.com\/la-importancia-de-la-primera-impresion-como-hacer-resaltar-tu-piso-en-alquiler\/#article","isPartOf":{"@id":"https:\/\/www.fingracen.com\/la-importancia-de-la-primera-impresion-como-hacer-resaltar-tu-piso-en-alquiler\/"},"author":{"name":"eloi","@id":"https:\/\/www.fingracen.com\/#\/schema\/person\/089b815778bdbc5687a738a4b5b250f9"},"headline":"La importancia de la primera impresi\u00f3n: C\u00f3mo hacer resaltar tu piso en alquiler","datePublished":"2024-10-25T10:10:43+00:00","dateModified":"2024-10-29T11:43:52+00:00","mainEntityOfPage":{"@id":"https:\/\/www.fingracen.com\/la-importancia-de-la-primera-impresion-como-hacer-resaltar-tu-piso-en-alquiler\/"},"wordCount":551,"publisher":{"@id":"https:\/\/www.fingracen.com\/#organization"},"image":{"@id":"https:\/\/www.fingracen.com\/la-importancia-de-la-primera-impresion-como-hacer-resaltar-tu-piso-en-alquiler\/#primaryimage"},"thumbnailUrl":"https:\/\/www.fingracen.com\/wp-content\/uploads\/2024\/10\/piso-en-alquiler-en-Sabadell.jpg","keywords":["piso en alquiler en Sabadell"],"articleSection":["alquiler piso Sabadell"],"inLanguage":"en-GB"},{"@type":"WebPage","@id":"https:\/\/www.fingracen.com\/la-importancia-de-la-primera-impresion-como-hacer-resaltar-tu-piso-en-alquiler\/","url":"https:\/\/www.fingracen.com\/la-importancia-de-la-primera-impresion-como-hacer-resaltar-tu-piso-en-alquiler\/","name":"La importancia de la primera impresi\u00f3n: C\u00f3mo hacer resaltar tu piso en alquiler - FINGRACEN","isPartOf":{"@id":"https:\/\/www.fingracen.com\/#website"},"primaryImageOfPage":{"@id":"https:\/\/www.fingracen.com\/la-importancia-de-la-primera-impresion-como-hacer-resaltar-tu-piso-en-alquiler\/#primaryimage"},"image":{"@id":"https:\/\/www.fingracen.com\/la-importancia-de-la-primera-impresion-como-hacer-resaltar-tu-piso-en-alquiler\/#primaryimage"},"thumbnailUrl":"https:\/\/www.fingracen.com\/wp-content\/uploads\/2024\/10\/piso-en-alquiler-en-Sabadell.jpg","datePublished":"2024-10-25T10:10:43+00:00","dateModified":"2024-10-29T11:43:52+00:00","breadcrumb":{"@id":"https:\/\/www.fingracen.com\/la-importancia-de-la-primera-impresion-como-hacer-resaltar-tu-piso-en-alquiler\/#breadcrumb"},"inLanguage":"en-GB","potentialAction":[{"@type":"ReadAction","target":["https:\/\/www.fingracen.com\/la-importancia-de-la-primera-impresion-como-hacer-resaltar-tu-piso-en-alquiler\/"]}]},{"@type":"ImageObject","inLanguage":"en-GB","@id":"https:\/\/www.fingracen.com\/la-importancia-de-la-primera-impresion-como-hacer-resaltar-tu-piso-en-alquiler\/#primaryimage","url":"https:\/\/www.fingracen.com\/wp-content\/uploads\/2024\/10\/piso-en-alquiler-en-Sabadell.jpg","contentUrl":"https:\/\/www.fingracen.com\/wp-content\/uploads\/2024\/10\/piso-en-alquiler-en-Sabadell.jpg","width":2000,"height":1414},{"@type":"BreadcrumbList","@id":"https:\/\/www.fingracen.com\/la-importancia-de-la-primera-impresion-como-hacer-resaltar-tu-piso-en-alquiler\/#breadcrumb","itemListElement":[{"@type":"ListItem","position":1,"name":"Portada","item":"https:\/\/www.fingracen.com\/"},{"@type":"ListItem","position":2,"name":"La importancia de la primera impresi\u00f3n: C\u00f3mo hacer resaltar tu piso en alquiler"}]},{"@type":"WebSite","@id":"https:\/\/www.fingracen.com\/#website","url":"https:\/\/www.fingracen.com\/","name":"FINGRACEN","description":"Pisos en Sabadell | Inmobiliarias Sabadell","publisher":{"@id":"https:\/\/www.fingracen.com\/#organization"},"potentialAction":[{"@type":"SearchAction","target":{"@type":"EntryPoint","urlTemplate":"https:\/\/www.fingracen.com\/?s={search_term_string}"},"query-input":{"@type":"PropertyValueSpecification","valueRequired":true,"valueName":"search_term_string"}}],"inLanguage":"en-GB"},{"@type":"Organization","@id":"https:\/\/www.fingracen.com\/#organization","name":"FINGRACEN","url":"https:\/\/www.fingracen.com\/","logo":{"@type":"ImageObject","inLanguage":"en-GB","@id":"https:\/\/www.fingracen.com\/#\/schema\/logo\/image\/","url":"https:\/\/www.fingracen.com\/wp-content\/uploads\/2024\/03\/LOGO-en-Blanco-1-1.png","contentUrl":"https:\/\/www.fingracen.com\/wp-content\/uploads\/2024\/03\/LOGO-en-Blanco-1-1.png","width":6000,"height":3375,"caption":"FINGRACEN"},"image":{"@id":"https:\/\/www.fingracen.com\/#\/schema\/logo\/image\/"}},{"@type":"Person","@id":"https:\/\/www.fingracen.com\/#\/schema\/person\/089b815778bdbc5687a738a4b5b250f9","name":"eloi","sameAs":["https:\/\/www.fingracen.com"],"url":"https:\/\/www.fingracen.com\/en\/author\/eloi\/"}]}},"taxonomy_info":{"category":[{"value":34,"label":"alquiler piso Sabadell"}],"post_tag":[{"value":47,"label":"piso en alquiler en Sabadell"}]},"featured_image_src_large":["https:\/\/www.fingracen.com\/wp-content\/uploads\/2024\/10\/piso-en-alquiler-en-Sabadell-1024x724.jpg",1024,724,true],"author_info":{"display_name":"eloi","author_link":"https:\/\/www.fingracen.com\/en\/author\/eloi\/"},"comment_info":0,"category_info":[{"term_id":34,"name":"alquiler piso Sabadell","slug":"alquiler-piso-sabadell","term_group":0,"term_taxonomy_id":34,"taxonomy":"category","description":"","parent":0,"count":8,"filter":"raw","term_order":"5","cat_ID":34,"category_count":8,"category_description":"","cat_name":"alquiler piso Sabadell","category_nicename":"alquiler-piso-sabadell","category_parent":0}],"tag_info":[{"term_id":47,"name":"piso en alquiler en Sabadell","slug":"piso-en-alquiler-en-sabadell","term_group":0,"term_taxonomy_id":47,"taxonomy":"post_tag","description":"","parent":0,"count":3,"filter":"raw","term_order":"0"}],"_links":{"self":[{"href":"https:\/\/www.fingracen.com\/en\/wp-json\/wp\/v2\/posts\/2567","targetHints":{"allow":["GET"]}}],"collection":[{"href":"https:\/\/www.fingracen.com\/en\/wp-json\/wp\/v2\/posts"}],"about":[{"href":"https:\/\/www.fingracen.com\/en\/wp-json\/wp\/v2\/types\/post"}],"author":[{"embeddable":true,"href":"https:\/\/www.fingracen.com\/en\/wp-json\/wp\/v2\/users\/1"}],"replies":[{"embeddable":true,"href":"https:\/\/www.fingracen.com\/en\/wp-json\/wp\/v2\/comments?post=2567"}],"version-history":[{"count":1,"href":"https:\/\/www.fingracen.com\/en\/wp-json\/wp\/v2\/posts\/2567\/revisions"}],"predecessor-version":[{"id":2572,"href":"https:\/\/www.fingracen.com\/en\/wp-json\/wp\/v2\/posts\/2567\/revisions\/2572"}],"wp:featuredmedia":[{"embeddable":true,"href":"https:\/\/www.fingracen.com\/en\/wp-json\/wp\/v2\/media\/2570"}],"wp:attachment":[{"href":"https:\/\/www.fingracen.com\/en\/wp-json\/wp\/v2\/media?parent=2567"}],"wp:term":[{"taxonomy":"category","embeddable":true,"href":"https:\/\/www.fingracen.com\/en\/wp-json\/wp\/v2\/categories?post=2567"},{"taxonomy":"post_tag","embeddable":true,"href":"https:\/\/www.fingracen.com\/en\/wp-json\/wp\/v2\/tags?post=2567"}],"curies":[{"name":"wp","href":"https:\/\/api.w.org\/{rel}","templated":true}]}}